{"id":246,"date":"2019-09-25T07:52:20","date_gmt":"2019-09-25T07:52:20","guid":{"rendered":"http:\/\/praxis-ersfeld-wolf.de\/?p=246"},"modified":"2019-09-25T07:54:42","modified_gmt":"2019-09-25T07:54:42","slug":"wir-suchen-dich","status":"publish","type":"post","link":"https:\/\/praxis-ersfeld-wolf.de\/?p=246","title":{"rendered":"Wir suchen Dich!"},"content":{"rendered":"<p><img loading=\"lazy\" decoding=\"async\" class=\"size-medium wp-image-57 aligncenter\" src=\"http:\/\/praxis-ersfeld-wolf.de\/wp-content\/uploads\/2018\/10\/ste-300x100.jpg\" alt=\"\" width=\"300\" height=\"100\" srcset=\"https:\/\/praxis-ersfeld-wolf.de\/wp-content\/uploads\/2018\/10\/ste-300x100.jpg 300w, https:\/\/praxis-ersfeld-wolf.de\/wp-content\/uploads\/2018\/10\/ste-768x256.jpg 768w, https:\/\/praxis-ersfeld-wolf.de\/wp-content\/uploads\/2018\/10\/ste-1024x341.jpg 1024w, https:\/\/praxis-ersfeld-wolf.de\/wp-content\/uploads\/2018\/10\/ste-260x87.jpg 260w, https:\/\/praxis-ersfeld-wolf.de\/wp-content\/uploads\/2018\/10\/ste-50x17.jpg 50w, https:\/\/praxis-ersfeld-wolf.de\/wp-content\/uploads\/2018\/10\/ste-150x50.jpg 150w, https:\/\/praxis-ersfeld-wolf.de\/wp-content\/uploads\/2018\/10\/ste.jpg 1200w\" sizes=\"auto, (max-width:767px) 300px, 300px\" \/><\/p>\n<p>&nbsp;<\/p>\n<p><strong>Das findest du bei uns:<\/strong><\/p>\n<ul>\n<li>13 tolle Kollegen\/innen mit den unterschiedlichsten Behandlungsschwerpunkten (interdisziplin\u00e4res Team)<\/li>\n<li>alle 3 Berufsfelder vereint: Physiotherapie, Ergotherapie und Logop\u00e4die<\/li>\n<li>Patienten von S\u00e4uglingen bis zu den Erwachsenen<\/li>\n<li>Schwerpunkt: Orthop\u00e4die und Neurologie<\/li>\n<li>regelm\u00e4\u00dfige Teamsitzungen<\/li>\n<li>die Praxis befindet sich in der Innenstadt von Calw mit ebenerdigem Zugang bzw. Aufzug und hellen Behandlungsr\u00e4umen<\/li>\n<\/ul>\n<p>&nbsp;<\/p>\n<p><strong>Wir suchen:<\/strong><\/p>\n<ul>\n<li>Berufsanf\u00e4nger oder Therapeut\/in mit langj\u00e4hriger Berufserfahrung<\/li>\n<li>Vollzeit, Teilzeit oder Mini-Job<\/li>\n<li>flexible Arbeitszeiten<\/li>\n<\/ul>\n<p>&nbsp;<\/p>\n<p style=\"text-align: center;\">F\u00fcr weitere Informationen kannst du gerne hier auf der Homepage schauen oder uns eine E-Mail auf info@praxisgemeinschaft-cw.de schreiben<\/p>\n","protected":false},"excerpt":{"rendered":"<p>&nbsp; Das findest du bei uns: 13 tolle Kollegen\/innen mit den unterschiedlichsten Behandlungsschwerpunkten (interdisziplin\u00e4res Team) alle 3 Berufsfelder vereint: Physiotherapie, Ergotherapie und Logop\u00e4die Patienten von S\u00e4uglingen<span class=\"excerpt-hellip\"> [\u2026]<\/span><\/p>\n","protected":false},"author":5,"featured_media":0,"comment_status":"open","ping_status":"open","sticky":false,"template":"","format":"standard","meta":{"footnotes":""},"categories":[3],"tags":[],"class_list":["post-246","post","type-post","status-publish","format-standard","hentry","category-news"],"_links":{"self":[{"href":"https:\/\/praxis-ersfeld-wolf.de\/index.php?rest_route=\/wp\/v2\/posts\/246","targetHints":{"allow":["GET"]}}],"collection":[{"href":"https:\/\/praxis-ersfeld-wolf.de\/index.php?rest_route=\/wp\/v2\/posts"}],"about":[{"href":"https:\/\/praxis-ersfeld-wolf.de\/index.php?rest_route=\/wp\/v2\/types\/post"}],"author":[{"embeddable":true,"href":"https:\/\/praxis-ersfeld-wolf.de\/index.php?rest_route=\/wp\/v2\/users\/5"}],"replies":[{"embeddable":true,"href":"https:\/\/praxis-ersfeld-wolf.de\/index.php?rest_route=%2Fwp%2Fv2%2Fcomments&post=246"}],"version-history":[{"count":3,"href":"https:\/\/praxis-ersfeld-wolf.de\/index.php?rest_route=\/wp\/v2\/posts\/246\/revisions"}],"predecessor-version":[{"id":250,"href":"https:\/\/praxis-ersfeld-wolf.de\/index.php?rest_route=\/wp\/v2\/posts\/246\/revisions\/250"}],"wp:attachment":[{"href":"https:\/\/praxis-ersfeld-wolf.de\/index.php?rest_route=%2Fwp%2Fv2%2Fmedia&parent=246"}],"wp:term":[{"taxonomy":"category","embeddable":true,"href":"https:\/\/praxis-ersfeld-wolf.de\/index.php?rest_route=%2Fwp%2Fv2%2Fcategories&post=246"},{"taxonomy":"post_tag","embeddable":true,"href":"https:\/\/praxis-ersfeld-wolf.de\/index.php?rest_route=%2Fwp%2Fv2%2Ftags&post=246"}],"curies":[{"name":"wp","href":"https:\/\/api.w.org\/{rel}","templated":true}]}}